{"id":17286,"date":"2023-02-08T09:52:06","date_gmt":"2023-02-08T12:52:06","guid":{"rendered":"https:\/\/minhaterralegal.com.br\/site\/?p=17286"},"modified":"2023-02-08T09:52:06","modified_gmt":"2023-02-08T12:52:06","slug":"prefeito-de-pequi-andre-luiz-melgaco-fala-sobre-reurb-no-municipio-realizada-pelo-legaliza-brasil","status":"publish","type":"post","link":"https:\/\/minhaterralegal.com.br\/site\/prefeito-de-pequi-andre-luiz-melgaco-fala-sobre-reurb-no-municipio-realizada-pelo-legaliza-brasil\/","title":{"rendered":"Prefeito de Pequi Andr\u00e9 Luiz Melga\u00e7o, fala sobre Reurb no munic\u00edpio realizada pelo Legaliza Brasil"},"content":{"rendered":"<p><iframe title=\"Prefeito de Pequi Andr\u00e9 Luiz Melga\u00e7o, fala sobre Reurb no munic\u00edpio realizado pela Legaliza Brasil.\" width=\"800\" height=\"450\" src=\"https:\/\/www.youtube.com\/embed\/FBvYPPxNPZU?feature=oembed\" frameborder=\"0\" allow=\"accelerometer; autoplay; clipboard-write; encrypted-media; gyroscope; picture-in-picture; web-share\" referrerpolicy=\"strict-origin-when-cross-origin\" allowfullscreen><\/iframe><\/p>\n","protected":false},"excerpt":{"rendered":"","protected":false},"author":4,"featured_media":17620,"comment_status":"open","ping_status":"open","sticky":false,"template":"","format":"video","meta":{"_eb_attr":"","footnotes":""},"categories":[30,56],"tags":[],"class_list":["post-17286","post","type-post","status-publish","format-video","has-post-thumbnail","hentry","category-pequi-mg-noticias","category-videos","post_format-post-format-video"],"_links":{"self":[{"href":"https:\/\/minhaterralegal.com.br\/site\/wp-json\/wp\/v2\/posts\/17286","targetHints":{"allow":["GET"]}}],"collection":[{"href":"https:\/\/minhaterralegal.com.br\/site\/wp-json\/wp\/v2\/posts"}],"about":[{"href":"https:\/\/minhaterralegal.com.br\/site\/wp-json\/wp\/v2\/types\/post"}],"author":[{"embeddable":true,"href":"https:\/\/minhaterralegal.com.br\/site\/wp-json\/wp\/v2\/users\/4"}],"replies":[{"embeddable":true,"href":"https:\/\/minhaterralegal.com.br\/site\/wp-json\/wp\/v2\/comments?post=17286"}],"version-history":[{"count":0,"href":"https:\/\/minhaterralegal.com.br\/site\/wp-json\/wp\/v2\/posts\/17286\/revisions"}],"wp:featuredmedia":[{"embeddable":true,"href":"https:\/\/minhaterralegal.com.br\/site\/wp-json\/wp\/v2\/media\/17620"}],"wp:attachment":[{"href":"https:\/\/minhaterralegal.com.br\/site\/wp-json\/wp\/v2\/media?parent=17286"}],"wp:term":[{"taxonomy":"category","embeddable":true,"href":"https:\/\/minhaterralegal.com.br\/site\/wp-json\/wp\/v2\/categories?post=17286"},{"taxonomy":"post_tag","embeddable":true,"href":"https:\/\/minhaterralegal.com.br\/site\/wp-json\/wp\/v2\/tags?post=17286"}],"curies":[{"name":"wp","href":"https:\/\/api.w.org\/{rel}","templated":true}]}}