{"id":18384,"date":"2023-04-27T09:18:38","date_gmt":"2023-04-27T12:18:38","guid":{"rendered":"https:\/\/minhaterralegal.com.br\/?p=18384"},"modified":"2023-04-27T09:18:38","modified_gmt":"2023-04-27T12:18:38","slug":"legaliza-brasil-participa-do-programa-regmel","status":"publish","type":"post","link":"https:\/\/minhaterralegal.com.br\/site\/legaliza-brasil-participa-do-programa-regmel\/","title":{"rendered":"Legaliza Brasil participa do Programa REGMEL"},"content":{"rendered":"<p>Estive ontem em mais uma reuni\u00e3o na Secretaria Nacional de Territ\u00f3rios Perif\u00e9ricos do Minist\u00e9rio das Cidades, com o Secret\u00e1rio Guilherme Sim\u00f5es e a Diretora de Urbaniza\u00e7\u00e3o J\u00falia Bittencour para discutir o andamento do REGMEL \u2013 Regulariza\u00e7\u00e3o Fundi\u00e1ria com Melhorias Habitacionais. Na oportunidade tratamos das dificuldades operacionais da Caixa e alternativas para iniciar o quanto antes as contrata\u00e7\u00f5es com as milhares de fam\u00edlias que ser\u00e3o beneficiadas com o programa. Apresentamos ainda, propostas de mudan\u00e7as na Lei 13.465\/17 para dar ainda mais celeridade aos processos de regulariza\u00e7\u00e3o fundi\u00e1ria no Brasil.<\/p>\n<p>Ewerton Giovanni,<br \/>\nDiretor Executivo da Legaliza Brasil.<\/p>\n","protected":false},"excerpt":{"rendered":"<p>Estive ontem em mais uma reuni\u00e3o na Secretaria Nacional de Territ\u00f3rios Perif\u00e9ricos do Minist\u00e9rio das Cidades, com o Secret\u00e1rio Guilherme Sim\u00f5es e a Diretora de Urbaniza\u00e7\u00e3o J\u00falia Bittencour para discutir o andamento do REGMEL \u2013 Regulariza\u00e7\u00e3o Fundi\u00e1ria com Melhorias Habitacionais. Na oportunidade tratamos das dificuldades operacionais da Caixa e alternativas para iniciar o quanto antes as contrata\u00e7\u00f5es com as milhares de fam\u00edlias que ser\u00e3o beneficiadas com o programa. Apresentamos ainda, propostas de mudan\u00e7as na Lei 13.465\/17 para dar ainda mais celeridade aos processos de regulariza\u00e7\u00e3o fundi\u00e1ria no Brasil. Ewerton Giovanni, Diretor Executivo da Legaliza Brasil.<\/p>\n","protected":false},"author":3,"featured_media":18386,"comment_status":"closed","ping_status":"open","sticky":false,"template":"","format":"standard","meta":{"_eb_attr":"","footnotes":""},"categories":[62,12],"tags":[],"class_list":["post-18384","post","type-post","status-publish","format-standard","has-post-thumbnail","hentry","category-brasilia-df","category-noticias"],"_links":{"self":[{"href":"https:\/\/minhaterralegal.com.br\/site\/wp-json\/wp\/v2\/posts\/18384","targetHints":{"allow":["GET"]}}],"collection":[{"href":"https:\/\/minhaterralegal.com.br\/site\/wp-json\/wp\/v2\/posts"}],"about":[{"href":"https:\/\/minhaterralegal.com.br\/site\/wp-json\/wp\/v2\/types\/post"}],"author":[{"embeddable":true,"href":"https:\/\/minhaterralegal.com.br\/site\/wp-json\/wp\/v2\/users\/3"}],"replies":[{"embeddable":true,"href":"https:\/\/minhaterralegal.com.br\/site\/wp-json\/wp\/v2\/comments?post=18384"}],"version-history":[{"count":0,"href":"https:\/\/minhaterralegal.com.br\/site\/wp-json\/wp\/v2\/posts\/18384\/revisions"}],"wp:featuredmedia":[{"embeddable":true,"href":"https:\/\/minhaterralegal.com.br\/site\/wp-json\/wp\/v2\/media\/18386"}],"wp:attachment":[{"href":"https:\/\/minhaterralegal.com.br\/site\/wp-json\/wp\/v2\/media?parent=18384"}],"wp:term":[{"taxonomy":"category","embeddable":true,"href":"https:\/\/minhaterralegal.com.br\/site\/wp-json\/wp\/v2\/categories?post=18384"},{"taxonomy":"post_tag","embeddable":true,"href":"https:\/\/minhaterralegal.com.br\/site\/wp-json\/wp\/v2\/tags?post=18384"}],"curies":[{"name":"wp","href":"https:\/\/api.w.org\/{rel}","templated":true}]}}