{"id":18553,"date":"2024-04-06T17:52:10","date_gmt":"2024-04-06T20:52:10","guid":{"rendered":"https:\/\/minhaterralegal.com.br\/?p=18553"},"modified":"2024-04-06T17:52:10","modified_gmt":"2024-04-06T20:52:10","slug":"equipe-de-ater-esteve-presente-no-evento-da-sicoob-em-rondonia","status":"publish","type":"post","link":"https:\/\/minhaterralegal.com.br\/site\/equipe-de-ater-esteve-presente-no-evento-da-sicoob-em-rondonia\/","title":{"rendered":"Equipe de ATER esteve presente no evento da Sicoob em Rond\u00f4nia"},"content":{"rendered":"<p>Entre os dias 4 e 6 de abril a Legaliza Brasil tem marcado presen\u00e7a com stand na Sicoob Agrotech, 1\u00aa Feira de Inova\u00e7\u00e3o para o Agroneg\u00f3cio do Futuro da regi\u00e3o de Vilhena em Rond\u00f4nia, que est\u00e1 acontecendo no Parque de Exposi\u00e7\u00f5es do munic\u00edpio.<\/p>\n<p>O evento realizado pelo Sicoob Credisul, Prefeitura Municipal de Vilhena e correaliza\u00e7\u00e3o do SEBRAE e Embrapa, tem o prop\u00f3sito de difundir conhecimento, tecnologias e oportunidades para toda a cadeia do agroneg\u00f3cio, tornando a produ\u00e7\u00e3o de alimentos no mundo cada vez mais sustent\u00e1vel e com responsabilidade socioambiental.<\/p>\n<p>Por meio de uma atmosfera f\u00e9rtil com palestras, viv\u00eancias pessoais, empresas, profissionais e pautas relevantes da atualidade nas principais vertentes do agroneg\u00f3cio, como a tecnologia e inova\u00e7\u00e3o, os pequenos, m\u00e9dios e grandes produtores, representantes do com\u00e9rcio local, ind\u00fastria e servi\u00e7os da cidade podem absorver um vasto conhecimento e ampliar seus horizontes.<\/p>\n<p>A Legaliza Brasil conta com uma equipe de T\u00e9cnicos de ATER &#8211; Assist\u00eancia T\u00e9cnica Rural para Mulheres, atrav\u00e9s do Programa Mulheres Rurais: Autonomia, Alimenta\u00e7\u00e3o e Vidas Saud\u00e1veis, criado pela ANATER e Governo Federal &#8211; Minist\u00e9rio do desenvolvimento agr\u00e1rio e agricultura familiar.<\/p>\n","protected":false},"excerpt":{"rendered":"<p>Entre os dias 4 e 6 de abril a Legaliza Brasil tem marcado presen\u00e7a com stand na Sicoob Agrotech, 1\u00aa Feira de Inova\u00e7\u00e3o para o Agroneg\u00f3cio do Futuro da regi\u00e3o de Vilhena em Rond\u00f4nia, que est\u00e1 acontecendo no Parque de Exposi\u00e7\u00f5es do munic\u00edpio. O evento realizado pelo Sicoob Credisul, Prefeitura Municipal de Vilhena e correaliza\u00e7\u00e3o do SEBRAE e Embrapa, tem o prop\u00f3sito de difundir conhecimento, tecnologias e oportunidades para toda a cadeia do agroneg\u00f3cio, tornando a produ\u00e7\u00e3o de alimentos no mundo cada vez mais sustent\u00e1vel e com responsabilidade socioambiental. Por meio de uma atmosfera f\u00e9rtil com palestras, viv\u00eancias pessoais, empresas, profissionais e pautas relevantes da atualidade nas principais vertentes do agroneg\u00f3cio, como a tecnologia e inova\u00e7\u00e3o, os pequenos, m\u00e9dios e grandes produtores, representantes do com\u00e9rcio local, ind\u00fastria e servi\u00e7os da cidade podem absorver um vasto conhecimento e ampliar seus horizontes. A Legaliza Brasil conta com uma equipe de T\u00e9cnicos de ATER &#8211; Assist\u00eancia T\u00e9cnica Rural para Mulheres, atrav\u00e9s do Programa Mulheres Rurais: Autonomia, Alimenta\u00e7\u00e3o e Vidas Saud\u00e1veis, criado pela ANATER e Governo Federal &#8211; Minist\u00e9rio do desenvolvimento agr\u00e1rio e agricultura familiar.<\/p>\n","protected":false},"author":3,"featured_media":18554,"comment_status":"closed","ping_status":"open","sticky":false,"template":"","format":"standard","meta":{"_eb_attr":"","footnotes":""},"categories":[37,12],"tags":[],"class_list":["post-18553","post","type-post","status-publish","format-standard","has-post-thumbnail","hentry","category-ater","category-noticias"],"_links":{"self":[{"href":"https:\/\/minhaterralegal.com.br\/site\/wp-json\/wp\/v2\/posts\/18553","targetHints":{"allow":["GET"]}}],"collection":[{"href":"https:\/\/minhaterralegal.com.br\/site\/wp-json\/wp\/v2\/posts"}],"about":[{"href":"https:\/\/minhaterralegal.com.br\/site\/wp-json\/wp\/v2\/types\/post"}],"author":[{"embeddable":true,"href":"https:\/\/minhaterralegal.com.br\/site\/wp-json\/wp\/v2\/users\/3"}],"replies":[{"embeddable":true,"href":"https:\/\/minhaterralegal.com.br\/site\/wp-json\/wp\/v2\/comments?post=18553"}],"version-history":[{"count":0,"href":"https:\/\/minhaterralegal.com.br\/site\/wp-json\/wp\/v2\/posts\/18553\/revisions"}],"wp:featuredmedia":[{"embeddable":true,"href":"https:\/\/minhaterralegal.com.br\/site\/wp-json\/wp\/v2\/media\/18554"}],"wp:attachment":[{"href":"https:\/\/minhaterralegal.com.br\/site\/wp-json\/wp\/v2\/media?parent=18553"}],"wp:term":[{"taxonomy":"category","embeddable":true,"href":"https:\/\/minhaterralegal.com.br\/site\/wp-json\/wp\/v2\/categories?post=18553"},{"taxonomy":"post_tag","embeddable":true,"href":"https:\/\/minhaterralegal.com.br\/site\/wp-json\/wp\/v2\/tags?post=18553"}],"curies":[{"name":"wp","href":"https:\/\/api.w.org\/{rel}","templated":true}]}}