{"id":18566,"date":"2024-05-27T22:21:30","date_gmt":"2024-05-28T01:21:30","guid":{"rendered":"https:\/\/minhaterralegal.com.br\/?p=18566"},"modified":"2024-05-27T22:21:30","modified_gmt":"2024-05-28T01:21:30","slug":"diretor-da-legaliza-brasil-presente-no-aniversario-de-10-anos-da-anater","status":"publish","type":"post","link":"https:\/\/minhaterralegal.com.br\/site\/diretor-da-legaliza-brasil-presente-no-aniversario-de-10-anos-da-anater\/","title":{"rendered":"Diretor da Legaliza Brasil presente no Anivers\u00e1rio de 10 Anos da ANATER"},"content":{"rendered":"<p>Participamos hoje (27\/05), no Plen\u00e1rio Ulysses Guimar\u00e3es, C\u00e2mara dos Deputados Federais em Bras\u00edlia, da Sess\u00e3o solene presidida pelo Deputado Federal Z\u00e9 Silva, em homenagem ao anivers\u00e1rio de 10 anos da ANATER.<\/p>\n<p>O evento contou com a presen\u00e7a do Ministro do Desenvolvimento Agr\u00e1rio Paulo Teixeira, do Presidente da Emater Jefferson Coriteac, do Ex-Secret\u00e1rio de Administra\u00e7\u00e3o da SDA Secretaria do Desenvolvimento Agr\u00e1rio Roberto Vieira, do Subsecret\u00e1rio de Agricultura Familiar de MG Ricardo Demicheli e do Presidente da EMATER MG Ot\u00e1vio Martins Maia.<\/p>\n<p>Na foto est\u00e3o Dr. Ewerton Giovanni Diretor Executivo da Legaliza Brasil e Presidente da ASBRATER, Loroana Coutinho de Santana Diretora T\u00e9cnica, Presidente da Emater Jefferson Coriteac, Deputado Federal Z\u00e9 Silva, Ana Margarida Castro Euler Diretora de Transfer\u00eancia de Tecnologia e Carlos Camilo G\u00f3es Capiberibe Diretor Administrativo e Financeiro.<\/p>\n<p>Ewerton Giovanni<\/p>\n<p>Diretor Executivo da Legaliza Brasil.<\/p>\n","protected":false},"excerpt":{"rendered":"<p>Participamos hoje (27\/05), no Plen\u00e1rio Ulysses Guimar\u00e3es, C\u00e2mara dos Deputados Federais em Bras\u00edlia, da Sess\u00e3o solene presidida pelo Deputado Federal Z\u00e9 Silva, em homenagem ao anivers\u00e1rio de 10 anos da ANATER. O evento contou com a presen\u00e7a do Ministro do Desenvolvimento Agr\u00e1rio Paulo Teixeira, do Presidente da Emater Jefferson Coriteac, do Ex-Secret\u00e1rio de Administra\u00e7\u00e3o da SDA Secretaria do Desenvolvimento Agr\u00e1rio Roberto Vieira, do Subsecret\u00e1rio de Agricultura Familiar de MG Ricardo Demicheli e do Presidente da EMATER MG Ot\u00e1vio Martins Maia. Na foto est\u00e3o Dr. Ewerton Giovanni Diretor Executivo da Legaliza Brasil e Presidente da ASBRATER, Loroana Coutinho de Santana Diretora T\u00e9cnica, Presidente da Emater Jefferson Coriteac, Deputado Federal Z\u00e9 Silva, Ana Margarida Castro Euler Diretora de Transfer\u00eancia de Tecnologia e Carlos Camilo G\u00f3es Capiberibe Diretor Administrativo e Financeiro. Ewerton Giovanni Diretor Executivo da Legaliza Brasil.<\/p>\n","protected":false},"author":3,"featured_media":18567,"comment_status":"closed","ping_status":"open","sticky":false,"template":"","format":"standard","meta":{"_eb_attr":"","footnotes":""},"categories":[37,12],"tags":[],"class_list":["post-18566","post","type-post","status-publish","format-standard","has-post-thumbnail","hentry","category-ater","category-noticias"],"_links":{"self":[{"href":"https:\/\/minhaterralegal.com.br\/site\/wp-json\/wp\/v2\/posts\/18566","targetHints":{"allow":["GET"]}}],"collection":[{"href":"https:\/\/minhaterralegal.com.br\/site\/wp-json\/wp\/v2\/posts"}],"about":[{"href":"https:\/\/minhaterralegal.com.br\/site\/wp-json\/wp\/v2\/types\/post"}],"author":[{"embeddable":true,"href":"https:\/\/minhaterralegal.com.br\/site\/wp-json\/wp\/v2\/users\/3"}],"replies":[{"embeddable":true,"href":"https:\/\/minhaterralegal.com.br\/site\/wp-json\/wp\/v2\/comments?post=18566"}],"version-history":[{"count":0,"href":"https:\/\/minhaterralegal.com.br\/site\/wp-json\/wp\/v2\/posts\/18566\/revisions"}],"wp:featuredmedia":[{"embeddable":true,"href":"https:\/\/minhaterralegal.com.br\/site\/wp-json\/wp\/v2\/media\/18567"}],"wp:attachment":[{"href":"https:\/\/minhaterralegal.com.br\/site\/wp-json\/wp\/v2\/media?parent=18566"}],"wp:term":[{"taxonomy":"category","embeddable":true,"href":"https:\/\/minhaterralegal.com.br\/site\/wp-json\/wp\/v2\/categories?post=18566"},{"taxonomy":"post_tag","embeddable":true,"href":"https:\/\/minhaterralegal.com.br\/site\/wp-json\/wp\/v2\/tags?post=18566"}],"curies":[{"name":"wp","href":"https:\/\/api.w.org\/{rel}","templated":true}]}}