{"id":18592,"date":"2024-06-07T21:14:43","date_gmt":"2024-06-08T00:14:43","guid":{"rendered":"https:\/\/minhaterralegal.com.br\/?p=18592"},"modified":"2024-06-07T21:14:43","modified_gmt":"2024-06-08T00:14:43","slug":"legaliza-brasil-inicia-programa-de-ater-para-mulheres-em-brasilia","status":"publish","type":"post","link":"https:\/\/minhaterralegal.com.br\/site\/legaliza-brasil-inicia-programa-de-ater-para-mulheres-em-brasilia\/","title":{"rendered":"Legaliza Brasil inicia programa de ATER para mulheres em Bras\u00edlia"},"content":{"rendered":"<p>Nesta quarta e quinta-feira, (dias 05 e 06\/06), a equipe de ATER da Legaliza Brasil realizou duas reuni\u00f5es de mobiliza\u00e7\u00e3o em Bras\u00edlia, sobre o Programa \u201cMULHERES RURAIS: AUTONOMIA, ALIMENTA\u00c7\u00c3O E VIDAS SAUD\u00c1VEIS\u201d, do Minist\u00e9rio do Desenvolvimento Agr\u00e1rio e Agricultura Familiar (MDA), do Governo Federal.<\/p>\n<p>As mobiliza\u00e7\u00f5es foram coordenadas pela Equipe t\u00e9cnica de Assist\u00eancia T\u00e9cnica e Extens\u00e3o Rural da Legaliza Brasil, que atua em Bras\u00edlia e \u00e9 formada por profissionais capacitados formados em curso da ANATER.<\/p>\n<p>Os eventos foram realizados na Centro Educacional S\u00e3o Francisco, no bairro Chic\u00e3o em S\u00e3o Sebasti\u00e3o e no N\u00facleo Rural Monjolo \u2013 Assentamento M\u00e1rcia Cordeiro Leite, ambos no Distrito Federal.<\/p>\n<p>No primeiro evento estiveram presentes, al\u00e9m da comunidade local, o Sr. Roberto Medeiros &#8211; Administrador do S\u00e3o Sebasti\u00e3o, o Sr. Edmilson Junior &#8211; Diretor do CED S\u00e3o Francisco, o Sr. Wagner &#8211; Vice Diretor e da Sra. Grazielle de Souza Barrozo &#8211; Coordenadora Regional de Ensino de S\u00e3o Sebasti\u00e3o.<\/p>\n<p>No encontro realizado no N\u00facleo Rural Monjolo, compareceu o Fernando Pignata, Zootecnista &#8211; Gerente Rural de Planaltina.<\/p>\n<p>Nos pr\u00f3ximos dias ser\u00e3o realizadas mais duas reuni\u00f5es: dia 08\/06 na Horta Girassol em Morro Azul e dia 10\/06 no N\u00facleo Rural Pipiripau em Planaltina, Distrito Federal.<\/p>\n<p>Estes encontros t\u00eam visam apresentar o projeto de ATER Mulheres, que tem por objetivo fornecer assist\u00eancia t\u00e9cnica para as mulheres rurais como uma forma de construir processos de desenvolvimento produtivo, econ\u00f4mico e social, mais inclusivos e igualit\u00e1rios.<\/p>\n<p>O programa vai atender 12,5 mil mulheres, durante 2 anos, em todos os estados e no Distrito Federal, para promover a autonomia financeira das agricultoras familiares, assentadas da reforma agr\u00e1ria e acampadas, extrativistas, quilombolas, pescadoras artesanais, aquicultoras, ribeirinhas, ind\u00edgenas, atingidas por barragens, mulheres urbanas e periurbanas.<\/p>\n","protected":false},"excerpt":{"rendered":"<p>Nesta quarta e quinta-feira, (dias 05 e 06\/06), a equipe de ATER da Legaliza Brasil realizou duas reuni\u00f5es de mobiliza\u00e7\u00e3o em Bras\u00edlia, sobre o Programa \u201cMULHERES RURAIS: AUTONOMIA, ALIMENTA\u00c7\u00c3O E VIDAS SAUD\u00c1VEIS\u201d, do Minist\u00e9rio do Desenvolvimento Agr\u00e1rio e Agricultura Familiar (MDA), do Governo Federal. As mobiliza\u00e7\u00f5es foram coordenadas pela Equipe t\u00e9cnica de Assist\u00eancia T\u00e9cnica e Extens\u00e3o Rural da Legaliza Brasil, que atua em Bras\u00edlia e \u00e9 formada por profissionais capacitados formados em curso da ANATER. Os eventos foram realizados na Centro Educacional S\u00e3o Francisco, no bairro Chic\u00e3o em S\u00e3o Sebasti\u00e3o e no N\u00facleo Rural Monjolo \u2013 Assentamento M\u00e1rcia Cordeiro Leite, ambos no Distrito Federal. No primeiro evento estiveram presentes, al\u00e9m da comunidade local, o Sr. Roberto Medeiros &#8211; Administrador do S\u00e3o Sebasti\u00e3o, o Sr. Edmilson Junior &#8211; Diretor do CED S\u00e3o Francisco, o Sr. Wagner &#8211; Vice Diretor e da Sra. Grazielle de Souza Barrozo &#8211; Coordenadora Regional de Ensino de S\u00e3o Sebasti\u00e3o. No encontro realizado no N\u00facleo Rural Monjolo, compareceu o Fernando Pignata, Zootecnista &#8211; Gerente Rural de Planaltina. Nos pr\u00f3ximos dias ser\u00e3o realizadas mais duas reuni\u00f5es: dia 08\/06 na Horta Girassol em Morro Azul e dia 10\/06 no N\u00facleo Rural Pipiripau em Planaltina, Distrito Federal. Estes encontros t\u00eam visam apresentar o projeto de ATER Mulheres, que tem por objetivo fornecer assist\u00eancia t\u00e9cnica para as mulheres rurais como uma forma de construir processos de desenvolvimento produtivo, econ\u00f4mico e social, mais inclusivos e igualit\u00e1rios. O programa vai atender 12,5 mil mulheres, durante 2 anos, em todos os estados e no Distrito Federal, para promover a autonomia financeira das agricultoras familiares, assentadas da reforma agr\u00e1ria e acampadas, extrativistas, quilombolas, pescadoras artesanais, aquicultoras, ribeirinhas, ind\u00edgenas, atingidas por barragens, mulheres urbanas e periurbanas.<\/p>\n","protected":false},"author":3,"featured_media":18596,"comment_status":"closed","ping_status":"open","sticky":false,"template":"","format":"standard","meta":{"_eb_attr":"","footnotes":""},"categories":[62,12],"tags":[],"class_list":["post-18592","post","type-post","status-publish","format-standard","has-post-thumbnail","hentry","category-brasilia-df","category-noticias"],"_links":{"self":[{"href":"https:\/\/minhaterralegal.com.br\/site\/wp-json\/wp\/v2\/posts\/18592","targetHints":{"allow":["GET"]}}],"collection":[{"href":"https:\/\/minhaterralegal.com.br\/site\/wp-json\/wp\/v2\/posts"}],"about":[{"href":"https:\/\/minhaterralegal.com.br\/site\/wp-json\/wp\/v2\/types\/post"}],"author":[{"embeddable":true,"href":"https:\/\/minhaterralegal.com.br\/site\/wp-json\/wp\/v2\/users\/3"}],"replies":[{"embeddable":true,"href":"https:\/\/minhaterralegal.com.br\/site\/wp-json\/wp\/v2\/comments?post=18592"}],"version-history":[{"count":0,"href":"https:\/\/minhaterralegal.com.br\/site\/wp-json\/wp\/v2\/posts\/18592\/revisions"}],"wp:featuredmedia":[{"embeddable":true,"href":"https:\/\/minhaterralegal.com.br\/site\/wp-json\/wp\/v2\/media\/18596"}],"wp:attachment":[{"href":"https:\/\/minhaterralegal.com.br\/site\/wp-json\/wp\/v2\/media?parent=18592"}],"wp:term":[{"taxonomy":"category","embeddable":true,"href":"https:\/\/minhaterralegal.com.br\/site\/wp-json\/wp\/v2\/categories?post=18592"},{"taxonomy":"post_tag","embeddable":true,"href":"https:\/\/minhaterralegal.com.br\/site\/wp-json\/wp\/v2\/tags?post=18592"}],"curies":[{"name":"wp","href":"https:\/\/api.w.org\/{rel}","templated":true}]}}