{"id":19449,"date":"2024-11-11T10:33:05","date_gmt":"2024-11-11T13:33:05","guid":{"rendered":"https:\/\/minhaterralegal.com.br\/site\/?p=19449"},"modified":"2024-12-10T10:38:53","modified_gmt":"2024-12-10T13:38:53","slug":"programa-regmel-em-limeira-do-oeste-mg","status":"publish","type":"post","link":"https:\/\/minhaterralegal.com.br\/site\/programa-regmel-em-limeira-do-oeste-mg\/","title":{"rendered":"Programa REGMEL em Limeira do Oeste\/MG"},"content":{"rendered":"\n<p>Na \u00faltima noite de sexta-feira, dia 08\/11, foi o lan\u00e7amento do Programa REGMEL &#8211; Regulariza\u00e7\u00e3o Fundi\u00e1ria e Melhoria Habitacional, realizado pelo Minist\u00e9rio das Cidades do Governo Federal, no munic\u00edpio de Limeira do Oeste, em Minas Gerais.<\/p>\n\n\n\n<p>Compareceram no evento, na Escola Estadual Ant\u00f4nio Vicente, os propriet\u00e1rios de im\u00f3veis do Bairro Joam\u00e1rio, para a assinatura dos contratos. Al\u00e9m da equipe da Legaliza Brasil, estiveram presentes o Prefeito Enedino e o apoiador do Programa, Sr. Orizon Alves.<\/p>\n\n\n\n<p>S\u00e3o 700 fam\u00edlias beneficiadas com o T\u00edtulo Definitivo e\/ou uma obra que agregue melhorias ao seu im\u00f3vel.<\/p>\n\n\n\n<p>Este foi o sexto o evento de assinaturas de contratos do REGMEL, no Estado do Minas Gerais, que \u00e9 um programa que vai contemplar benefici\u00e1rios em todo o Brasil atrav\u00e9s da Legaliza Brasil.<\/p>\n\n\n\n<p>O Programa de Regulariza\u00e7\u00e3o Fundi\u00e1ria e Melhoria Habitacional \u2013 REGMEL, foi criado em 2020 com a finalidade de promover o direito \u00e0 moradia adequada \u00e0 popula\u00e7\u00e3o de baixa renda por meio da concess\u00e3o de financiamento, com recursos do Fundo de Desenvolvimento Social \u2013 FDS, para a execu\u00e7\u00e3o de obras e servi\u00e7os destinados \u00e0 regulariza\u00e7\u00e3o fundi\u00e1ria de n\u00facleos urbanos informais e melhorias habitacionais.<\/p>\n\n\n\n<p><a href=\"https:\/\/www.instagram.com\/explore\/tags\/regmel\/?hl=pt-br\">#Regmel<\/a><\/p>\n","protected":false},"excerpt":{"rendered":"<p>Na \u00faltima noite de sexta-feira, dia 08\/11, foi o lan\u00e7amento do Programa REGMEL &#8211; Regulariza\u00e7\u00e3o Fundi\u00e1ria e Melhoria Habitacional, realizado pelo Minist\u00e9rio das Cidades do Governo Federal, no munic\u00edpio de Limeira do Oeste, em Minas Gerais. Compareceram no evento, na Escola Estadual Ant\u00f4nio Vicente, os propriet\u00e1rios de im\u00f3veis do Bairro Joam\u00e1rio, para a assinatura dos contratos. Al\u00e9m da equipe da Legaliza Brasil, estiveram presentes o Prefeito Enedino e o apoiador do Programa, Sr. Orizon Alves. S\u00e3o 700 fam\u00edlias beneficiadas com o T\u00edtulo Definitivo e\/ou uma obra que agregue melhorias ao seu im\u00f3vel. Este foi o sexto o evento de assinaturas de contratos do REGMEL, no Estado do Minas Gerais, que \u00e9 um programa que vai contemplar benefici\u00e1rios em todo o Brasil atrav\u00e9s da Legaliza Brasil. O Programa de Regulariza\u00e7\u00e3o Fundi\u00e1ria e Melhoria Habitacional \u2013 REGMEL, foi criado em 2020 com a finalidade de promover o direito \u00e0 moradia adequada \u00e0 popula\u00e7\u00e3o de baixa renda por meio da concess\u00e3o de financiamento, com recursos do Fundo de Desenvolvimento Social \u2013 FDS, para a execu\u00e7\u00e3o de obras e servi\u00e7os destinados \u00e0 regulariza\u00e7\u00e3o fundi\u00e1ria de n\u00facleos urbanos informais e melhorias habitacionais. #Regmel<\/p>\n","protected":false},"author":3,"featured_media":19450,"comment_status":"open","ping_status":"open","sticky":false,"template":"","format":"standard","meta":{"_eb_attr":"","footnotes":""},"categories":[12],"tags":[],"class_list":["post-19449","post","type-post","status-publish","format-standard","has-post-thumbnail","hentry","category-noticias"],"_links":{"self":[{"href":"https:\/\/minhaterralegal.com.br\/site\/wp-json\/wp\/v2\/posts\/19449","targetHints":{"allow":["GET"]}}],"collection":[{"href":"https:\/\/minhaterralegal.com.br\/site\/wp-json\/wp\/v2\/posts"}],"about":[{"href":"https:\/\/minhaterralegal.com.br\/site\/wp-json\/wp\/v2\/types\/post"}],"author":[{"embeddable":true,"href":"https:\/\/minhaterralegal.com.br\/site\/wp-json\/wp\/v2\/users\/3"}],"replies":[{"embeddable":true,"href":"https:\/\/minhaterralegal.com.br\/site\/wp-json\/wp\/v2\/comments?post=19449"}],"version-history":[{"count":1,"href":"https:\/\/minhaterralegal.com.br\/site\/wp-json\/wp\/v2\/posts\/19449\/revisions"}],"predecessor-version":[{"id":19451,"href":"https:\/\/minhaterralegal.com.br\/site\/wp-json\/wp\/v2\/posts\/19449\/revisions\/19451"}],"wp:featuredmedia":[{"embeddable":true,"href":"https:\/\/minhaterralegal.com.br\/site\/wp-json\/wp\/v2\/media\/19450"}],"wp:attachment":[{"href":"https:\/\/minhaterralegal.com.br\/site\/wp-json\/wp\/v2\/media?parent=19449"}],"wp:term":[{"taxonomy":"category","embeddable":true,"href":"https:\/\/minhaterralegal.com.br\/site\/wp-json\/wp\/v2\/categories?post=19449"},{"taxonomy":"post_tag","embeddable":true,"href":"https:\/\/minhaterralegal.com.br\/site\/wp-json\/wp\/v2\/tags?post=19449"}],"curies":[{"name":"wp","href":"https:\/\/api.w.org\/{rel}","templated":true}]}}