{"id":19458,"date":"2024-11-19T11:04:46","date_gmt":"2024-11-19T14:04:46","guid":{"rendered":"https:\/\/minhaterralegal.com.br\/site\/?p=19458"},"modified":"2024-12-10T11:09:57","modified_gmt":"2024-12-10T14:09:57","slug":"programa-regmel-em-montes-claros-mg","status":"publish","type":"post","link":"https:\/\/minhaterralegal.com.br\/site\/programa-regmel-em-montes-claros-mg\/","title":{"rendered":"Programa REGMEL em Montes Claros\/MG"},"content":{"rendered":"\n<p>Em Montes Claros, no Estados de Minas Gerais, recebeu nesta noite de ter\u00e7a-feira, (19\/11), no espa\u00e7o da Escola Municipal Rotary S\u00e3o Luiz , no bairro Cidade Industrial I, o lan\u00e7amento do Programa REGMEL &#8211; Regulariza\u00e7\u00e3o Fundi\u00e1ria e Melhoria Habitacional, implementado pelo Minist\u00e9rio das Cidades do Governo Federal.<\/p>\n\n\n\n<p>Grande parte dos representantes das 700 fam\u00edlias do bairro Cidade Industrial I, que foram beneficiadas com o T\u00edtulo Definitivo e\/ou uma obra que agregue melhorias ao seu im\u00f3vel, compareceu ao evento para a assinatura dos contratos de ades\u00e3o. Estiveram presentes no evento al\u00e9m dos benefici\u00e1rios, o Representando o Sr. Prefeito de Montes Claros, o procurador Geral do Munic\u00edpio e Vice prefeito eleito Dr. Ot\u00e1vio Rocha, o Secret\u00e1rio de Desenvolvimento Social Abrindo Ribeiro, Jos\u00e9 Geraldo Cardoso Diretor de Habita\u00e7\u00e3o Popular e Cidadania, o Vereador Aldair Fagundes e a equipe da Legaliza Brasil.<\/p>\n\n\n\n<p>No Estado de Minas Gerais, este foi o nono evento de assinaturas de contratos do REGMEL, que \u00e9 um programa que vai contemplar benefici\u00e1rios em todo o Brasil. Parab\u00e9ns aos parceiros que tornaram esse dia poss\u00edvel!<\/p>\n\n\n\n<p>O Programa de Regulariza\u00e7\u00e3o Fundi\u00e1ria e Melhoria Habitacional \u2013 REGMEL, foi criado em 2020 com a finalidade de promover o direito \u00e0 moradia adequada \u00e0 popula\u00e7\u00e3o de baixa renda por meio da concess\u00e3o de financiamento, com recursos do Fundo de Desenvolvimento Social \u2013 FDS, para a execu\u00e7\u00e3o de obras e servi\u00e7os destinados \u00e0 regulariza\u00e7\u00e3o fundi\u00e1ria de n\u00facleos urbanos informais e melhorias habitacionais.<\/p>\n\n\n\n<p><a href=\"https:\/\/www.instagram.com\/explore\/tags\/regmel\/?hl=pt-br\">#Regmel<\/a><\/p>\n","protected":false},"excerpt":{"rendered":"<p>Em Montes Claros, no Estados de Minas Gerais, recebeu nesta noite de ter\u00e7a-feira, (19\/11), no espa\u00e7o da Escola Municipal Rotary S\u00e3o Luiz , no bairro Cidade Industrial I, o lan\u00e7amento do Programa REGMEL &#8211; Regulariza\u00e7\u00e3o Fundi\u00e1ria e Melhoria Habitacional, implementado pelo Minist\u00e9rio das Cidades do Governo Federal. Grande parte dos representantes das 700 fam\u00edlias do bairro Cidade Industrial I, que foram beneficiadas com o T\u00edtulo Definitivo e\/ou uma obra que agregue melhorias ao seu im\u00f3vel, compareceu ao evento para a assinatura dos contratos de ades\u00e3o. Estiveram presentes no evento al\u00e9m dos benefici\u00e1rios, o Representando o Sr. Prefeito de Montes Claros, o procurador Geral do Munic\u00edpio e Vice prefeito eleito Dr. Ot\u00e1vio Rocha, o Secret\u00e1rio de Desenvolvimento Social Abrindo Ribeiro, Jos\u00e9 Geraldo Cardoso Diretor de Habita\u00e7\u00e3o Popular e Cidadania, o Vereador Aldair Fagundes e a equipe da Legaliza Brasil. No Estado de Minas Gerais, este foi o nono evento de assinaturas de contratos do REGMEL, que \u00e9 um programa que vai contemplar benefici\u00e1rios em todo o Brasil. Parab\u00e9ns aos parceiros que tornaram esse dia poss\u00edvel! O Programa de Regulariza\u00e7\u00e3o Fundi\u00e1ria e Melhoria Habitacional \u2013 REGMEL, foi criado em 2020 com a finalidade de promover o direito \u00e0 moradia adequada \u00e0 popula\u00e7\u00e3o de baixa renda por meio da concess\u00e3o de financiamento, com recursos do Fundo de Desenvolvimento Social \u2013 FDS, para a execu\u00e7\u00e3o de obras e servi\u00e7os destinados \u00e0 regulariza\u00e7\u00e3o fundi\u00e1ria de n\u00facleos urbanos informais e melhorias habitacionais. #Regmel<\/p>\n","protected":false},"author":3,"featured_media":19459,"comment_status":"open","ping_status":"open","sticky":false,"template":"","format":"standard","meta":{"_eb_attr":"","footnotes":""},"categories":[12,66],"tags":[],"class_list":["post-19458","post","type-post","status-publish","format-standard","has-post-thumbnail","hentry","category-noticias","category-regmel"],"_links":{"self":[{"href":"https:\/\/minhaterralegal.com.br\/site\/wp-json\/wp\/v2\/posts\/19458","targetHints":{"allow":["GET"]}}],"collection":[{"href":"https:\/\/minhaterralegal.com.br\/site\/wp-json\/wp\/v2\/posts"}],"about":[{"href":"https:\/\/minhaterralegal.com.br\/site\/wp-json\/wp\/v2\/types\/post"}],"author":[{"embeddable":true,"href":"https:\/\/minhaterralegal.com.br\/site\/wp-json\/wp\/v2\/users\/3"}],"replies":[{"embeddable":true,"href":"https:\/\/minhaterralegal.com.br\/site\/wp-json\/wp\/v2\/comments?post=19458"}],"version-history":[{"count":1,"href":"https:\/\/minhaterralegal.com.br\/site\/wp-json\/wp\/v2\/posts\/19458\/revisions"}],"predecessor-version":[{"id":19460,"href":"https:\/\/minhaterralegal.com.br\/site\/wp-json\/wp\/v2\/posts\/19458\/revisions\/19460"}],"wp:featuredmedia":[{"embeddable":true,"href":"https:\/\/minhaterralegal.com.br\/site\/wp-json\/wp\/v2\/media\/19459"}],"wp:attachment":[{"href":"https:\/\/minhaterralegal.com.br\/site\/wp-json\/wp\/v2\/media?parent=19458"}],"wp:term":[{"taxonomy":"category","embeddable":true,"href":"https:\/\/minhaterralegal.com.br\/site\/wp-json\/wp\/v2\/categories?post=19458"},{"taxonomy":"post_tag","embeddable":true,"href":"https:\/\/minhaterralegal.com.br\/site\/wp-json\/wp\/v2\/tags?post=19458"}],"curies":[{"name":"wp","href":"https:\/\/api.w.org\/{rel}","templated":true}]}}