{"id":2410,"date":"2021-07-04T11:59:37","date_gmt":"2021-07-04T14:59:37","guid":{"rendered":"https:\/\/minhaterralegal.com.br\/?p=2410"},"modified":"2021-07-04T11:59:37","modified_gmt":"2021-07-04T14:59:37","slug":"mais-imoveis-sao-regularizados-em-carmo-da-mata","status":"publish","type":"post","link":"https:\/\/minhaterralegal.com.br\/site\/mais-imoveis-sao-regularizados-em-carmo-da-mata\/","title":{"rendered":"Mais im\u00f3veis s\u00e3o regularizados em Carmo da Mata"},"content":{"rendered":"<p><strong>A parceria do Munic\u00edpio com a Legaliza Brasil possibilitou a regulariza\u00e7\u00e3o fundi\u00e1ria de im\u00f3veis nos bairros Aeroporto e Colorado<\/strong><\/p>\n<p>&nbsp;<\/p>\n<p>A prefeitura de Carmo da Mata e a Legaliza Brasil est\u00e3o se preparando para entregar os t\u00edtulos definitivos dos im\u00f3veis que foram cadastrados no programa de regulariza\u00e7\u00e3o fundi\u00e1ria do munic\u00edpio.<\/p>\n<p>Nesta etapa, o programa integra im\u00f3veis dos bairros Aeroporto e Colorado, e toda a documenta\u00e7\u00e3o j\u00e1 foi aprovada e assinada pelo prefeito Jos\u00e9 Carlos, e protocolada pela Legaliza Brasil no Cart\u00f3rio de Registro de Im\u00f3veis do munic\u00edpio, para que sejam registradas as escrituras dos im\u00f3veis cadastrados.<\/p>\n<p>Para o prefeito Jos\u00e9 Carlos, \u00e9 muito importante que os tramites no processo Reurb, sejam seguros. &#8220;S\u00f3 registra quem \u00e9 dono. E eu fiz quest\u00e3o de fazer uma parceria com a Legaliza Brasil para voc\u00eas ficarem seguros e tranquilos com seus im\u00f3veis. \u201d, avalia o prefeito.<\/p>\n<p>Para viabilizar o programa, a prefeitura de Carmo da Mata garantiu o menor custo para a regulariza\u00e7\u00e3o no munic\u00edpio.\u00a0 Na primeira fase de cadastramento, a Legaliza Brasil, manteve um plant\u00e3o de atendimento para orientar os propriet\u00e1rios interessados em aderir ao programa.<\/p>\n<p>&nbsp;<\/p>\n<p><strong>CADASTRO<\/strong><\/p>\n<p>Os propriet\u00e1rios que possuem im\u00f3veis em situa\u00e7\u00e3o irregular em Carmo da Mata, ainda podem se cadastrar no projeto de Regulariza\u00e7\u00e3o Fundi\u00e1ria. Para isso, a Legaliza Brasil mant\u00e9m um plant\u00e3o de atendimento no munic\u00edpio para orientar os cidad\u00e3os interessados em inscrever seus im\u00f3veis. O atendimento pode ser agendado pelo telefone: (37) 9 9966-8451<\/p>\n<p><strong>\u00a0<\/strong><\/p>\n<p><strong>PREVEN\u00c7\u00c3O<\/strong><\/p>\n<p>Os atendimentos s\u00e3o realizados por agendamento pr\u00e9vio, evitando aglomera\u00e7\u00e3o, e adotando todas as medidas de higiene e seguran\u00e7a, devido \u00e0 pandemia de coronav\u00edrus (Covid-19).<\/p>\n<p>&nbsp;<\/p>\n<p><img fetchpriority=\"high\" decoding=\"async\" class=\"alignnone size-medium wp-image-2412\" src=\"https:\/\/minhaterralegal.com.br\/wp-content\/uploads\/2021\/07\/WhatsApp-Image-2021-06-30-at-14.41.02-300x225.jpeg\" alt=\"\" width=\"300\" height=\"225\" \/><\/p>\n","protected":false},"excerpt":{"rendered":"<p>A parceria do Munic\u00edpio com a Legaliza Brasil possibilitou a regulariza\u00e7\u00e3o fundi\u00e1ria de im\u00f3veis nos bairros Aeroporto e Colorado &nbsp; A prefeitura de Carmo da Mata e a Legaliza Brasil est\u00e3o se preparando para entregar os t\u00edtulos definitivos dos im\u00f3veis que foram cadastrados no programa de regulariza\u00e7\u00e3o fundi\u00e1ria do munic\u00edpio. Nesta etapa, o programa integra im\u00f3veis dos bairros Aeroporto e Colorado, e toda a documenta\u00e7\u00e3o j\u00e1 foi aprovada e assinada pelo prefeito Jos\u00e9 Carlos, e protocolada pela Legaliza Brasil no Cart\u00f3rio de Registro de Im\u00f3veis do munic\u00edpio, para que sejam registradas as escrituras dos im\u00f3veis cadastrados. Para o prefeito Jos\u00e9 Carlos, \u00e9 muito importante que os tramites no processo Reurb, sejam seguros. &#8220;S\u00f3 registra quem \u00e9 dono. E eu fiz quest\u00e3o de fazer uma parceria com a Legaliza Brasil para voc\u00eas ficarem seguros e tranquilos com seus im\u00f3veis. \u201d, avalia o prefeito. Para viabilizar o programa, a prefeitura de Carmo da Mata garantiu o menor custo para a regulariza\u00e7\u00e3o no munic\u00edpio.\u00a0 Na primeira fase de cadastramento, a Legaliza Brasil, manteve um plant\u00e3o de atendimento para orientar os propriet\u00e1rios interessados em aderir ao programa. &nbsp; CADASTRO Os propriet\u00e1rios que possuem im\u00f3veis em situa\u00e7\u00e3o irregular em Carmo da Mata, ainda podem se cadastrar no projeto de Regulariza\u00e7\u00e3o Fundi\u00e1ria. Para isso, a Legaliza Brasil mant\u00e9m um plant\u00e3o de atendimento no munic\u00edpio para orientar os cidad\u00e3os interessados em inscrever seus im\u00f3veis. O atendimento pode ser agendado pelo telefone: (37) 9 9966-8451 \u00a0 PREVEN\u00c7\u00c3O Os atendimentos s\u00e3o realizados por agendamento pr\u00e9vio, evitando aglomera\u00e7\u00e3o, e adotando todas as medidas de higiene e seguran\u00e7a, devido \u00e0 pandemia de coronav\u00edrus (Covid-19). &nbsp;<\/p>\n","protected":false},"author":3,"featured_media":18050,"comment_status":"closed","ping_status":"closed","sticky":false,"template":"","format":"standard","meta":{"_eb_attr":"","footnotes":""},"categories":[27,12],"tags":[],"class_list":["post-2410","post","type-post","status-publish","format-standard","has-post-thumbnail","hentry","category-carmo-da-mata-mg-noticias","category-noticias"],"_links":{"self":[{"href":"https:\/\/minhaterralegal.com.br\/site\/wp-json\/wp\/v2\/posts\/2410","targetHints":{"allow":["GET"]}}],"collection":[{"href":"https:\/\/minhaterralegal.com.br\/site\/wp-json\/wp\/v2\/posts"}],"about":[{"href":"https:\/\/minhaterralegal.com.br\/site\/wp-json\/wp\/v2\/types\/post"}],"author":[{"embeddable":true,"href":"https:\/\/minhaterralegal.com.br\/site\/wp-json\/wp\/v2\/users\/3"}],"replies":[{"embeddable":true,"href":"https:\/\/minhaterralegal.com.br\/site\/wp-json\/wp\/v2\/comments?post=2410"}],"version-history":[{"count":0,"href":"https:\/\/minhaterralegal.com.br\/site\/wp-json\/wp\/v2\/posts\/2410\/revisions"}],"wp:featuredmedia":[{"embeddable":true,"href":"https:\/\/minhaterralegal.com.br\/site\/wp-json\/wp\/v2\/media\/18050"}],"wp:attachment":[{"href":"https:\/\/minhaterralegal.com.br\/site\/wp-json\/wp\/v2\/media?parent=2410"}],"wp:term":[{"taxonomy":"category","embeddable":true,"href":"https:\/\/minhaterralegal.com.br\/site\/wp-json\/wp\/v2\/categories?post=2410"},{"taxonomy":"post_tag","embeddable":true,"href":"https:\/\/minhaterralegal.com.br\/site\/wp-json\/wp\/v2\/tags?post=2410"}],"curies":[{"name":"wp","href":"https:\/\/api.w.org\/{rel}","templated":true}]}}